{"id":33,"date":"2015-09-18T10:15:52","date_gmt":"2015-09-18T13:15:52","guid":{"rendered":"https:\/\/www.centralbuzios.com\/blog\/?p=33"},"modified":"2020-12-17T11:59:29","modified_gmt":"2020-12-17T14:59:29","slug":"traslado-cabo-frio-buzios-y-arraial-do-cabo","status":"publish","type":"post","link":"https:\/\/www.centralbuzios.com\/blog\/traslado-cabo-frio-buzios-y-arraial-do-cabo\/","title":{"rendered":"Traslados a Cabo Fr\u00edo y Arraial do Cabo, B\u00fazios"},"content":{"rendered":"<p style=\"text-align: justify;\"><b>Est\u00e1s buscando <a href=\"https:\/\/www.centralbuzios.com\/es\/traslados\" target=\"_blank\" rel=\"noopener noreferrer\">traslado a Cabo Fr\u00edo<\/a>? Todo lo que necesitas saber sobre <a href=\"https:\/\/www.centralbuzios.com\/es\/traslados\" target=\"_blank\" rel=\"noopener noreferrer\">traslados a Cabo Fr\u00edo B\u00fazios<\/a>.<\/b><\/p>\n<p style=\"text-align: justify;\"><span style=\"font-weight: 400;\">No te vuelvas loco. Te voy a dejar toda la info para que puedas decidir entre las opciones posibles y ver que m\u00e1s te conviene. Para llegar a Cabo Fr\u00edo hay 3 opciones: avi\u00f3n, barco o carretera.<\/span><\/p>\n<p style=\"text-align: justify;\"><b>Avi\u00f3n:<\/b><\/p>\n<p style=\"text-align: justify; padding-left: 30px;\"><span style=\"font-weight: 400;\">TRIP es la \u00fanica aerol\u00ednea que opera vuelos regulares directos a Cabo Fr\u00edo, los d\u00edas s\u00e1bados y domingos desde R\u00edo de Janeiro, Ribeir\u00e3o Preto, Belo Horizonte y Uberl\u00e2ndia.<\/span><\/p>\n<p style=\"text-align: justify;\"><span style=\"font-weight: 400;\">Otras empresas con vuelos no regulares a Cabo Fr\u00edo (Aeropuerto Cabo Fr\u00edo Internacional) son: TAM Linhas Aereas, Gol, Azul Airlines y vuelos de charter.<\/span><\/p>\n<p style=\"text-align: justify;\"><a href=\"https:\/\/i0.wp.com\/www.centralbuzios.com\/blog\/wp-content\/uploads\/2015\/09\/traslado-a-cabo-frio-buzios-3.jpg?ssl=1\"><img data-recalc-dims=\"1\" fetchpriority=\"high\" decoding=\"async\" data-attachment-id=\"101\" data-permalink=\"https:\/\/www.centralbuzios.com\/blog\/traslado-cabo-frio-buzios-y-arraial-do-cabo\/traslado-a-cabo-frio-buzios-3\/\" data-orig-file=\"https:\/\/i0.wp.com\/www.centralbuzios.com\/blog\/wp-content\/uploads\/2015\/09\/traslado-a-cabo-frio-buzios-3.jpg?fit=750%2C563&amp;ssl=1\" data-orig-size=\"750,563\" data-comments-opened=\"1\" data-image-meta=\"{&quot;aperture&quot;:&quot;0&quot;,&quot;credit&quot;:&quot;&quot;,&quot;camera&quot;:&quot;&quot;,&quot;caption&quot;:&quot;&quot;,&quot;created_timestamp&quot;:&quot;0&quot;,&quot;copyright&quot;:&quot;&quot;,&quot;focal_length&quot;:&quot;0&quot;,&quot;iso&quot;:&quot;0&quot;,&quot;shutter_speed&quot;:&quot;0&quot;,&quot;title&quot;:&quot;&quot;,&quot;orientation&quot;:&quot;0&quot;}\" data-image-title=\"traslado a cabo frio buzios (3)\" data-image-description=\"\" data-image-caption=\"\" data-medium-file=\"https:\/\/i0.wp.com\/www.centralbuzios.com\/blog\/wp-content\/uploads\/2015\/09\/traslado-a-cabo-frio-buzios-3.jpg?fit=300%2C225&amp;ssl=1\" data-large-file=\"https:\/\/i0.wp.com\/www.centralbuzios.com\/blog\/wp-content\/uploads\/2015\/09\/traslado-a-cabo-frio-buzios-3.jpg?fit=750%2C563&amp;ssl=1\" class=\"alignnone size-full wp-image-101\" src=\"https:\/\/i0.wp.com\/www.centralbuzios.com\/blog\/wp-content\/uploads\/2015\/09\/traslado-a-cabo-frio-buzios-3.jpg?resize=750%2C563&#038;ssl=1\" alt=\"traslado a cabo frio buzios (3)\" width=\"750\" height=\"563\"><\/a><\/p>\n<p style=\"text-align: justify;\"><b>Carretera:<\/b><\/p>\n<p style=\"text-align: justify; padding-left: 30px;\"><span style=\"font-weight: 400;\">Desde R\u00edo de Janeiro podes llegar a Cabo Fr\u00edo en autom\u00f3vil, taxi o en autob\u00fas, inbuzios es la empresa de traslados con mejores comodidades y dispone de servicios regulares de autob\u00fas a buen precio. Puedes con ellos contratar <a href=\"https:\/\/www.centralbuzios.com\/es\/traslados\" target=\"_blank\" rel=\"noopener noreferrer\">traslado a Cabo Fr\u00edo<\/a> aqu\u00ed.<\/span><\/p>\n<p style=\"text-align: justify; padding-left: 30px;\"><span style=\"font-weight: 400;\">Si opta por alquilar un coche para disfrutar de sus recorridos tenga en cuenta que son 158 km desde R\u00edo de Janeiro a Cabo Fr\u00edo. Otra opci\u00f3n viable aunque no barata es el taxi, a\u00fan m\u00e1s si lo contrata desde el aeropuerto de R\u00edo de Janeiro.<\/span><\/p>\n<p style=\"text-align: justify; padding-left: 30px;\"><span style=\"font-weight: 400;\">En el caso que opte por ir en coche a Cabo Fr\u00edo, se puede acceder por las rutas BR 101, RJ 124 y RJ 102 o RJ 140.<\/span><\/p>\n<p style=\"text-align: justify; padding-left: 30px;\"><span style=\"font-weight: 400;\">Una vez en Cabo Fr\u00edo, el transporte p\u00fablico es una buena opci\u00f3n con un costo aproximado de R$3,35. Este servicio dispone de un autob\u00fas cada 10 minutos durante el d\u00eda.<\/span><\/p>\n<p style=\"text-align: justify; padding-left: 30px;\"><span style=\"font-weight: 400;\">En el caso que quiera llegar hasta B\u00fazios en autob\u00fas, la frecuencia es cada 20 minutos y un pasaje de R$2,80.<\/span><\/p>\n<p style=\"text-align: justify;\"><b>Importante:<\/b><\/p>\n<ul>\n<li style=\"font-weight: 400; text-align: justify;\"><span style=\"font-weight: 400;\">Para recorrer las playas de Cabo Fr\u00edo las \u00fanicas opciones son abordar una embarcaci\u00f3n o llegar a pie.<\/span><\/li>\n<li style=\"font-weight: 400; text-align: justify;\"><span style=\"font-weight: 400;\">Es inigualable la excursi\u00f3n y paseo en barco de Cabo Fr\u00edo y Arraial do Cabo, si vas a Buzios, por favor no dudes en hacerla.<\/span><\/li>\n<\/ul>\n<p><a href=\"https:\/\/i0.wp.com\/www.centralbuzios.com\/blog\/wp-content\/uploads\/2015\/09\/traslado-a-cabo-frio-buzios-4.jpg?ssl=1\"><img data-recalc-dims=\"1\" decoding=\"async\" data-attachment-id=\"102\" data-permalink=\"https:\/\/www.centralbuzios.com\/blog\/traslado-cabo-frio-buzios-y-arraial-do-cabo\/traslado-a-cabo-frio-buzios-4\/\" data-orig-file=\"https:\/\/i0.wp.com\/www.centralbuzios.com\/blog\/wp-content\/uploads\/2015\/09\/traslado-a-cabo-frio-buzios-4.jpg?fit=750%2C500&amp;ssl=1\" data-orig-size=\"750,500\" data-comments-opened=\"1\" data-image-meta=\"{&quot;aperture&quot;:&quot;0&quot;,&quot;credit&quot;:&quot;&quot;,&quot;camera&quot;:&quot;&quot;,&quot;caption&quot;:&quot;&quot;,&quot;created_timestamp&quot;:&quot;0&quot;,&quot;copyright&quot;:&quot;&quot;,&quot;focal_length&quot;:&quot;0&quot;,&quot;iso&quot;:&quot;0&quot;,&quot;shutter_speed&quot;:&quot;0&quot;,&quot;title&quot;:&quot;&quot;,&quot;orientation&quot;:&quot;0&quot;}\" data-image-title=\"traslado a cabo frio buzios (4)\" data-image-description=\"\" data-image-caption=\"\" data-medium-file=\"https:\/\/i0.wp.com\/www.centralbuzios.com\/blog\/wp-content\/uploads\/2015\/09\/traslado-a-cabo-frio-buzios-4.jpg?fit=300%2C200&amp;ssl=1\" data-large-file=\"https:\/\/i0.wp.com\/www.centralbuzios.com\/blog\/wp-content\/uploads\/2015\/09\/traslado-a-cabo-frio-buzios-4.jpg?fit=750%2C500&amp;ssl=1\" class=\"alignnone size-full wp-image-102\" src=\"https:\/\/i0.wp.com\/www.centralbuzios.com\/blog\/wp-content\/uploads\/2015\/09\/traslado-a-cabo-frio-buzios-4.jpg?resize=750%2C500&#038;ssl=1\" alt=\"traslado a cabo frio buzios (4)\" width=\"750\" height=\"500\"><\/a><\/p>\n","protected":false},"excerpt":{"rendered":"<p>Est\u00e1s buscando traslado a Cabo Fr\u00edo? Todo lo que necesitas saber sobre traslados a Cabo Fr\u00edo B\u00fazios. No te vuelvas loco. Te voy a dejar toda la info para que puedas decidir entre las opciones posibles y ver que m\u00e1s te conviene. Para llegar a Cabo Fr\u00edo hay 3 opciones: avi\u00f3n, barco o carretera. Avi\u00f3n: [&hellip;]<\/p>\n","protected":false},"author":1,"featured_media":99,"comment_status":"closed","ping_status":"open","sticky":false,"template":"","format":"standard","meta":{"_jetpack_newsletter_access":"","_jetpack_dont_email_post_to_subs":false,"_jetpack_newsletter_tier_id":0,"_jetpack_memberships_contains_paywalled_content":false,"_jetpack_memberships_contains_paid_content":false,"footnotes":""},"categories":[1],"tags":[],"class_list":["post-33","post","type-post","status-publish","format-standard","has-post-thumbnail","hentry","category-sobre-buzios"],"featured_image_src":{"landsacpe":["https:\/\/i0.wp.com\/www.centralbuzios.com\/blog\/wp-content\/uploads\/2015\/09\/traslado-a-cabo-frio-buzios-1.jpg?resize=750%2C445&ssl=1",750,445,true],"list":["https:\/\/i0.wp.com\/www.centralbuzios.com\/blog\/wp-content\/uploads\/2015\/09\/traslado-a-cabo-frio-buzios-1.jpg?resize=463%2C348&ssl=1",463,348,true],"medium":["https:\/\/i0.wp.com\/www.centralbuzios.com\/blog\/wp-content\/uploads\/2015\/09\/traslado-a-cabo-frio-buzios-1.jpg?fit=300%2C225&ssl=1",300,225,true],"full":["https:\/\/i0.wp.com\/www.centralbuzios.com\/blog\/wp-content\/uploads\/2015\/09\/traslado-a-cabo-frio-buzios-1.jpg?fit=750%2C563&ssl=1",750,563,false]},"contentshake_article_id":"","jetpack_featured_media_url":"https:\/\/i0.wp.com\/www.centralbuzios.com\/blog\/wp-content\/uploads\/2015\/09\/traslado-a-cabo-frio-buzios-1.jpg?fit=750%2C563&ssl=1","jetpack_sharing_enabled":true,"jetpack_shortlink":"https:\/\/wp.me\/p6KLuD-x","jetpack-related-posts":[{"id":368,"url":"https:\/\/www.centralbuzios.com\/blog\/servicio-transporte-buzios-arraial-do-cabo-cabo-frio-opciones-traslados-costos\/","url_meta":{"origin":33,"position":0},"title":"Servicio de transporte entre B\u00fazios, Arraial do Cabo y Cabo Frio: opciones de traslados y costos.","author":"administrador","date":"24 febrero, 2017","format":false,"excerpt":"Arraial do Cabo, Cabo Fr\u00edo y B\u00fazios son las tres localidades m\u00e1s importantes de la Regi\u00e3o dos Lagos. Cada una de ellas se encuentra muy pr\u00f3xima de la otra y por ello resulta m\u00e1s que interesante aprovechar la estad\u00eda en cualquiera de los tres destinos para conocer los otros. A\u2026","rel":"","context":"En \u00abSobre B\u00fazios\u00bb","block_context":{"text":"Sobre B\u00fazios","link":"https:\/\/www.centralbuzios.com\/blog\/category\/sobre-buzios\/"},"img":{"alt_text":"","src":"https:\/\/i0.wp.com\/www.centralbuzios.com\/blog\/wp-content\/uploads\/2017\/02\/5-1.jpg?fit=900%2C500&ssl=1&resize=350%2C200","width":350,"height":200,"srcset":"https:\/\/i0.wp.com\/www.centralbuzios.com\/blog\/wp-content\/uploads\/2017\/02\/5-1.jpg?fit=900%2C500&ssl=1&resize=350%2C200 1x, https:\/\/i0.wp.com\/www.centralbuzios.com\/blog\/wp-content\/uploads\/2017\/02\/5-1.jpg?fit=900%2C500&ssl=1&resize=525%2C300 1.5x, https:\/\/i0.wp.com\/www.centralbuzios.com\/blog\/wp-content\/uploads\/2017\/02\/5-1.jpg?fit=900%2C500&ssl=1&resize=700%2C400 2x"},"classes":[]},{"id":4173,"url":"https:\/\/www.centralbuzios.com\/blog\/como-ir-de-rio-a-buzios-en-2026\/","url_meta":{"origin":33,"position":1},"title":"C\u00f3mo ir de Rio a B\u00fazios en 2026","author":"administrador","date":"6 noviembre, 2025","format":false,"excerpt":"C\u00f3mo ir de Rio a B\u00fazios en 2026 Viajar\u00a0de\u00a0Rio\u00a0de\u00a0Janeiro\u00a0a\u00a0B\u00fazios\u00a0es\u00a0una\u00a0experiencia\u00a0emocionante.\u00a0En\u00a02026,\u00a0las\u00a0opciones\u00a0de\u00a0transporte\u00a0son\u00a0variadas\u00a0y\u00a0accesibles.\u00a0Desde\u00a0traslados\u00a0privados\u00a0hasta\u00a0autobuses,\u00a0hay\u00a0alternativas\u00a0para\u00a0todos\u00a0los\u00a0gustos\u00a0y\u00a0presupuestos. Te contamos c\u00f3mo ir de Rio a B\u00fazios. B\u00fazios,\u00a0con\u00a0sus\u00a0playas\u00a0paradis\u00edacas,\u00a0es\u00a0un\u00a0destino\u00a0imperdible.\u00a0Planificar\u00a0el\u00a0viaje\u00a0adecuadamente\u00a0garantiza\u00a0una\u00a0experiencia\u00a0sin\u00a0contratiempos. Conocer\u00a0las\u00a0opciones\u00a0de\u00a0transporte\u00a0disponibles\u00a0es\u00a0clave\u00a0para\u00a0disfrutar\u00a0al\u00a0m\u00e1ximo.\u00a0Este\u00a0art\u00edculo\u00a0te\u00a0guiar\u00e1\u00a0a\u00a0trav\u00e9s\u00a0de\u00a0las\u00a0mejores\u00a0formas\u00a0de\u00a0llegar\u00a0a\u00a0B\u00fazios\u00a0desde\u00a0R\u00edo. Exploraremos\u00a0cada\u00a0opci\u00f3n\u00a0en\u00a0detalle,\u00a0asegurando\u00a0que\u00a0elijas\u00a0la\u00a0m\u00e1s\u00a0adecuada\u00a0para\u00a0ti.\u00a0Prep\u00e1rate\u00a0para\u00a0descubrir\u00a0c\u00f3mo\u00a0ir\u00a0de\u00a0R\u00edo\u00a0a\u00a0B\u00fazios\u00a0de\u00a0manera\u00a0eficiente\u00a0y\u00a0c\u00f3moda. Distancia,\u00a0tiempo\u00a0y\u00a0opciones\u00a0de\u00a0traslado\u00a0de\u00a0Rio\u00a0a\u00a0B\u00fazios La\u00a0distancia\u00a0de\u00a0R\u00edo\u00a0de\u00a0Janeiro\u00a0a\u00a0B\u00fazios\u00a0es\u00a0de\u00a0aproximadamente\u00a0180\u00a0km.\u00a0Este\u00a0trayecto\u00a0puede\u00a0tomar\u00a0entre\u00a02.5\u00a0y\u00a03\u00a0horas\u00a0en\u00a0coche,\u00a0dependiendo\u00a0del\u00a0tr\u00e1fico.\u00a0Es\u00a0esencial\u00a0tener\u00a0en\u00a0cuenta\u00a0el\u00a0horario\u00a0del\u00a0d\u00eda\u00a0para\u00a0evitar\u00a0demoras\u00a0inesperadas. Existen\u00a0diversas\u00a0opciones\u00a0de\u00a0traslado\u00a0adaptadas\u00a0a\u00a0diferentes\u00a0preferencias.\u00a0Puedes\u00a0elegir\u00a0entre: Alquiler\u00a0de\u00a0coche Autobuses\u00a0desde\u00a0la\u00a0Terminal\u00a0Rodovi\u00e1ria\u00a0Novo\u00a0Rio Traslados regulares desde los aeropuertos Traslado\u00a0privado Vuelos hacia el aeropuerto m\u00e1s cercano, ubicado en Cabo Frio Cada\u00a0medio\u00a0de\u00a0transporte\u00a0ofrece\u00a0diferentes\u00a0ventajas.\u00a0Considera\u00a0tu\u00a0presupuesto\u00a0y\u00a0necesidades\u00a0personales\u00a0al\u00a0elegir.\u00a0Investigar\u00a0las\u00a0distintas\u00a0opciones\u00a0te\u00a0permitir\u00e1\u00a0disfrutar\u00a0de\u00a0un\u00a0viaje\u00a0m\u00e1s\u00a0relajado\u00a0y\u00a0planificado. Traslado\u00a0en\u00a0autob\u00fas:\u00a0horarios,\u00a0precios\u00a0y\u00a0consejos Viajar\u00a0en\u00a0autob\u00fas\u00a0de\u00a0Rio\u00a0a\u00a0B\u00fazios\u00a0es\u00a0una\u00a0opci\u00f3n\u00a0econ\u00f3mica\u00a0y\u00a0pr\u00e1ctica.\u00a0Los\u00a0autobuses\u00a0salen\u00a0con\u00a0frecuencia\u00a0desde\u00a0la\u00a0Terminal\u00a0Rodovi\u00e1ria\u00a0Novo\u00a0Rio.\u00a0Este\u00a0servicio\u00a0opera\u00a0varias\u00a0veces\u00a0al\u00a0d\u00eda,\u00a0facilitando\u00a0la\u00a0planificaci\u00f3n\u00a0flexible\u00a0de\u00a0tu\u00a0horario\u00a0de\u00a0viaje. Los\u00a0precios\u00a0del\u00a0boleto\u00a0var\u00edan\u00a0seg\u00fan\u00a0la\u00a0temporada\u00a0y\u00a0la\u00a0anticipaci\u00f3n\u00a0con\u00a0la\u00a0que\u00a0compres.\u00a0Es\u00a0recomendable\u00a0reservar\u00a0con\u00a0anticipaci\u00f3n,\u00a0especialmente\u00a0durante\u00a0fines\u00a0de\u00a0semana\u00a0y\u00a0feriados.\u00a0Esto\u00a0asegurar\u00e1\u00a0que\u00a0consigas\u00a0un\u00a0asiento\u00a0y\u00a0puedas\u00a0elegir\u00a0el\u00a0horario\u00a0que\u00a0m\u00e1s\u00a0te\u00a0convenga. Algunas\u00a0de\u00a0las\u00a0principales\u00a0compa\u00f1\u00edas\u00a0de\u00a0autobuses\u00a0incluyen\u00a0opciones\u00a0c\u00f3modas\u00a0y\u00a0seguras\u00a0para\u00a0este\u00a0trayecto.\u00a0Considera\u00a0llevar\u00a0entretenimiento\u00a0para\u00a0el\u00a0viaje,\u00a0como\u00a0un\u00a0libro\u00a0o\u00a0m\u00fasica,\u00a0ya\u00a0que\u00a0el\u00a0trayecto\u00a0puede\u00a0ser\u00a0extenso. Ventajas: Costos\u00a0accesibles Servicio\u00a0frecuente Comodidad\u00a0durante\u00a0el\u00a0trayecto\u2026","rel":"","context":"En \u00abSobre B\u00fazios\u00bb","block_context":{"text":"Sobre B\u00fazios","link":"https:\/\/www.centralbuzios.com\/blog\/category\/sobre-buzios\/"},"img":{"alt_text":"","src":"https:\/\/i0.wp.com\/www.centralbuzios.com\/blog\/wp-content\/uploads\/2025\/11\/micro-centralbuzios.jpg?fit=1200%2C675&ssl=1&resize=350%2C200","width":350,"height":200,"srcset":"https:\/\/i0.wp.com\/www.centralbuzios.com\/blog\/wp-content\/uploads\/2025\/11\/micro-centralbuzios.jpg?fit=1200%2C675&ssl=1&resize=350%2C200 1x, https:\/\/i0.wp.com\/www.centralbuzios.com\/blog\/wp-content\/uploads\/2025\/11\/micro-centralbuzios.jpg?fit=1200%2C675&ssl=1&resize=525%2C300 1.5x, https:\/\/i0.wp.com\/www.centralbuzios.com\/blog\/wp-content\/uploads\/2025\/11\/micro-centralbuzios.jpg?fit=1200%2C675&ssl=1&resize=700%2C400 2x, https:\/\/i0.wp.com\/www.centralbuzios.com\/blog\/wp-content\/uploads\/2025\/11\/micro-centralbuzios.jpg?fit=1200%2C675&ssl=1&resize=1050%2C600 3x"},"classes":[]},{"id":161,"url":"https:\/\/www.centralbuzios.com\/blog\/traslado-rio-de-janeiro-a-buzios\/","url_meta":{"origin":33,"position":2},"title":"Traslado Rio de Janeiro a B\u00fazios","author":"administrador","date":"15 octubre, 2015","format":false,"excerpt":"\u00bfCre\u00edste que B\u00fazios quedaba muy cerca de Rio de Janeiro, ya reservaste tu alojamiento y ahora estas buscando traslado de Rio a B\u00fazios? Bueno, si estas aqu\u00ed es porque estas a punto de resolver este problema. El trayecto es de 180 kms desde Rio de Janeiro a B\u00fazios en transfer,\u2026","rel":"","context":"En \u00abSobre B\u00fazios\u00bb","block_context":{"text":"Sobre B\u00fazios","link":"https:\/\/www.centralbuzios.com\/blog\/category\/sobre-buzios\/"},"img":{"alt_text":"","src":"https:\/\/i0.wp.com\/www.centralbuzios.com\/blog\/wp-content\/uploads\/2015\/10\/Omnibus-Buzios-Rio.jpg?fit=700%2C700&ssl=1&resize=350%2C200","width":350,"height":200,"srcset":"https:\/\/i0.wp.com\/www.centralbuzios.com\/blog\/wp-content\/uploads\/2015\/10\/Omnibus-Buzios-Rio.jpg?fit=700%2C700&ssl=1&resize=350%2C200 1x, https:\/\/i0.wp.com\/www.centralbuzios.com\/blog\/wp-content\/uploads\/2015\/10\/Omnibus-Buzios-Rio.jpg?fit=700%2C700&ssl=1&resize=525%2C300 1.5x, https:\/\/i0.wp.com\/www.centralbuzios.com\/blog\/wp-content\/uploads\/2015\/10\/Omnibus-Buzios-Rio.jpg?fit=700%2C700&ssl=1&resize=700%2C400 2x"},"classes":[]},{"id":31,"url":"https:\/\/www.centralbuzios.com\/blog\/que-hacer-en-cabo-frio\/","url_meta":{"origin":33,"position":3},"title":"Qu\u00e9 hacer en Cabo Fr\u00edo ?","author":"administrador","date":"18 septiembre, 2015","format":false,"excerpt":"Todo lo que tenes que saber de Cabo Fr\u00edo y Arraial Do Cabo. Actividades, excursiones y paseos que no te podes perder. Informaci\u00f3n general de Cabo Fr\u00edo Cabo Fr\u00edo \u00a0est\u00e1 ubicado a 180 km de R\u00edo de Janeiro, su nombre se debe a que es una pen\u00ednsula y posee las\u2026","rel":"","context":"En \u00abSobre B\u00fazios\u00bb","block_context":{"text":"Sobre B\u00fazios","link":"https:\/\/www.centralbuzios.com\/blog\/category\/sobre-buzios\/"},"img":{"alt_text":"","src":"https:\/\/i0.wp.com\/www.centralbuzios.com\/blog\/wp-content\/uploads\/2015\/09\/traslado-a-cabo-frio-buzios-2.jpg?fit=750%2C562&ssl=1&resize=350%2C200","width":350,"height":200,"srcset":"https:\/\/i0.wp.com\/www.centralbuzios.com\/blog\/wp-content\/uploads\/2015\/09\/traslado-a-cabo-frio-buzios-2.jpg?fit=750%2C562&ssl=1&resize=350%2C200 1x, https:\/\/i0.wp.com\/www.centralbuzios.com\/blog\/wp-content\/uploads\/2015\/09\/traslado-a-cabo-frio-buzios-2.jpg?fit=750%2C562&ssl=1&resize=525%2C300 1.5x, https:\/\/i0.wp.com\/www.centralbuzios.com\/blog\/wp-content\/uploads\/2015\/09\/traslado-a-cabo-frio-buzios-2.jpg?fit=750%2C562&ssl=1&resize=700%2C400 2x"},"classes":[]},{"id":298,"url":"https:\/\/www.centralbuzios.com\/blog\/3-razones-conocer-la-region-los-lagos\/","url_meta":{"origin":33,"position":4},"title":"3 Razones para conocer la Regi\u00f3n de los Lagos","author":"administrador","date":"9 septiembre, 2016","format":false,"excerpt":"B\u00fazios, Arraial do Cabo y Cabo Fr\u00edo, un recorrido ideal para vivir una experiencia a la brasile\u00f1a. Quien viaja a Rio de Janeiro sabe de antemano que existe un\u00a0sinf\u00edn de atractivos imperdibles que disfrutar en la capital carioca.\u00a0Pero la grandeza natural de esta\u00a0zona invita a los amantes del sol y\u2026","rel":"","context":"En \u00abSobre B\u00fazios\u00bb","block_context":{"text":"Sobre B\u00fazios","link":"https:\/\/www.centralbuzios.com\/blog\/category\/sobre-buzios\/"},"img":{"alt_text":"","src":"https:\/\/i0.wp.com\/www.centralbuzios.com\/blog\/wp-content\/uploads\/2016\/09\/buzios-credito-para-divulgacao-embratur-4-low_1189_1600x900_th.jpg?fit=640%2C480&ssl=1&resize=350%2C200","width":350,"height":200,"srcset":"https:\/\/i0.wp.com\/www.centralbuzios.com\/blog\/wp-content\/uploads\/2016\/09\/buzios-credito-para-divulgacao-embratur-4-low_1189_1600x900_th.jpg?fit=640%2C480&ssl=1&resize=350%2C200 1x, https:\/\/i0.wp.com\/www.centralbuzios.com\/blog\/wp-content\/uploads\/2016\/09\/buzios-credito-para-divulgacao-embratur-4-low_1189_1600x900_th.jpg?fit=640%2C480&ssl=1&resize=525%2C300 1.5x"},"classes":[]},{"id":29,"url":"https:\/\/www.centralbuzios.com\/blog\/cabo-frio-mejores-playas\/","url_meta":{"origin":33,"position":5},"title":"Cabo Fr\u00edo playas: \u00bfPlayas verdaderamente paradis\u00edacas?","author":"administrador","date":"18 septiembre, 2015","format":false,"excerpt":"Aguas turquesa y c\u00e1lidas y una arena que no quema. \u00bfEst\u00e1s buscando cu\u00e1les son las mejores playas de Cabo Fr\u00edo y Arraial do Cabo? Aqu\u00ed te dejamos una descripci\u00f3n de cada playa y fotos para que puedas conocerlas, sentirlas\u00a0y para que puedas considerar la posibilidad de ir a cada una,\u2026","rel":"","context":"En \u00abSobre B\u00fazios\u00bb","block_context":{"text":"Sobre B\u00fazios","link":"https:\/\/www.centralbuzios.com\/blog\/category\/sobre-buzios\/"},"img":{"alt_text":"","src":"https:\/\/i0.wp.com\/www.centralbuzios.com\/blog\/wp-content\/uploads\/2015\/09\/cabo-frio.jpg?fit=750%2C563&ssl=1&resize=350%2C200","width":350,"height":200,"srcset":"https:\/\/i0.wp.com\/www.centralbuzios.com\/blog\/wp-content\/uploads\/2015\/09\/cabo-frio.jpg?fit=750%2C563&ssl=1&resize=350%2C200 1x, https:\/\/i0.wp.com\/www.centralbuzios.com\/blog\/wp-content\/uploads\/2015\/09\/cabo-frio.jpg?fit=750%2C563&ssl=1&resize=525%2C300 1.5x, https:\/\/i0.wp.com\/www.centralbuzios.com\/blog\/wp-content\/uploads\/2015\/09\/cabo-frio.jpg?fit=750%2C563&ssl=1&resize=700%2C400 2x"},"classes":[]}],"jetpack_likes_enabled":true,"_links":{"self":[{"href":"https:\/\/www.centralbuzios.com\/blog\/wp-json\/wp\/v2\/posts\/33","targetHints":{"allow":["GET"]}}],"collection":[{"href":"https:\/\/www.centralbuzios.com\/blog\/wp-json\/wp\/v2\/posts"}],"about":[{"href":"https:\/\/www.centralbuzios.com\/blog\/wp-json\/wp\/v2\/types\/post"}],"author":[{"embeddable":true,"href":"https:\/\/www.centralbuzios.com\/blog\/wp-json\/wp\/v2\/users\/1"}],"replies":[{"embeddable":true,"href":"https:\/\/www.centralbuzios.com\/blog\/wp-json\/wp\/v2\/comments?post=33"}],"version-history":[{"count":8,"href":"https:\/\/www.centralbuzios.com\/blog\/wp-json\/wp\/v2\/posts\/33\/revisions"}],"predecessor-version":[{"id":491,"href":"https:\/\/www.centralbuzios.com\/blog\/wp-json\/wp\/v2\/posts\/33\/revisions\/491"}],"wp:featuredmedia":[{"embeddable":true,"href":"https:\/\/www.centralbuzios.com\/blog\/wp-json\/wp\/v2\/media\/99"}],"wp:attachment":[{"href":"https:\/\/www.centralbuzios.com\/blog\/wp-json\/wp\/v2\/media?parent=33"}],"wp:term":[{"taxonomy":"category","embeddable":true,"href":"https:\/\/www.centralbuzios.com\/blog\/wp-json\/wp\/v2\/categories?post=33"},{"taxonomy":"post_tag","embeddable":true,"href":"https:\/\/www.centralbuzios.com\/blog\/wp-json\/wp\/v2\/tags?post=33"}],"curies":[{"name":"wp","href":"https:\/\/api.w.org\/{rel}","templated":true}]}}