{"id":196,"date":"2015-11-13T17:44:31","date_gmt":"2015-11-13T20:44:31","guid":{"rendered":"https:\/\/www.centralbuzios.com\/blog\/?p=196"},"modified":"2020-12-17T11:56:54","modified_gmt":"2020-12-17T14:56:54","slug":"buzios-reune-chefs-franceses-en-evento-de-alta-gastronomia","status":"publish","type":"post","link":"https:\/\/www.centralbuzios.com\/blog\/buzios-reune-chefs-franceses-en-evento-de-alta-gastronomia\/","title":{"rendered":"B\u00fazios reune chefs franceses en evento de alta gastronom\u00eda"},"content":{"rendered":"<div class=\"materia-titulo\">\n<h1 class=\"entry-title\">Cena homenaje de ediciones \u00bbLes Pantaguels\u00bb con referentes profesionales de la gastronom\u00eda francesa<\/h1>\n<\/div>\n<div class=\"materia-assinatura-linha\"><\/div>\n<div id=\"materia-letra\" class=\"materia-conteudo entry-content\">\n<div class=\"foto componente_materia midia-largura-620\"><img data-recalc-dims=\"1\" fetchpriority=\"high\" decoding=\"async\" title=\"Os chefs franceses Frederic Monnier, David Mansaud e Phillippe Brye v\u00e3o se reunir no evento gastron\u00f4mico (Foto: A.Duarte\/Divulga\u00e7\u00e3o)\" src=\"https:\/\/i0.wp.com\/s2.glbimg.com\/CLVyO4-zbbTM9KDk5ovw4qvsNbs%3D\/620x465\/s.glbimg.com\/jo\/g1\/f\/original\/2015\/11\/11\/20130326_aduarte_francoiselindemann_0278.jpg?resize=620%2C465\" alt=\"Os chefs franceses Frederic Monnier, David Mansaud e Phillippe Brye v\u00e3o se reunir no evento gastron\u00f4mico (Foto: A.Duarte\/Divulga\u00e7\u00e3o)\" width=\"620\" height=\"465\"><\/div>\n<div class=\"foto componente_materia midia-largura-620\"><strong>Los Chefs franceses Paul y Francoise Lindemann junto con los chefs David Mansaud y Frederic Monnier<\/strong><\/div>\n<div class=\"foto componente_materia midia-largura-620\">\n<p>Chefs franceses Frederic Monnier, David Mansaud y Phillippe Brye se dar\u00e1n cita en el evento gastron\u00f3mico patrocinado por el Hotel Le Relais La Borie y el restaurante Chez Fran\u00e7oise pr\u00f3ximo s\u00e1bado (14) en Buzios, en la Regi\u00f3n de los Lagos del R\u00edo. La cena especial lo har\u00e1 ediciones de honor de intercambio gastron\u00f3mico \u00abLes Pantagruels\u00bb, celebrado desde 2010 en la ciudad.Los chefs ofrecer\u00e1n un men\u00fa que consta de cuatro platos preparados con el toque especial de cada uno. La cena tendr\u00e1 lugar del 14 a las 21.30 horas en el Hotel Le Relais La Borie, en la playa de Gerib\u00e1. Los profesionales son referencia de la gastronom\u00eda francesa, que se ha mencionado en la Gu\u00eda Michelin, que es una de las publicaciones m\u00e1s importantes de la cocina del mundo.<\/p>\n<\/div>\n<p>&nbsp;<\/p>\n<div class=\"foto componente_materia midia-largura-300\"><img data-recalc-dims=\"1\" decoding=\"async\" class=\"alignnone\" title=\"Hotel Le Relais La Borie e o Restaurante Chez Fran\u00e7oise, em B\u00fazios, v\u00e3o promover evento (Foto: A.Duarte\/Divulga\u00e7\u00e3o)\" src=\"https:\/\/i0.wp.com\/s2.glbimg.com\/7azIqModwdDC2FD4pKCuMIHjPY8%3D\/300x225\/s.glbimg.com\/jo\/g1\/f\/original\/2015\/11\/11\/016.jpg?resize=300%2C225\" alt=\"Hotel Le Relais La Borie e o Restaurante Chez Fran\u00e7oise, em B\u00fazios, v\u00e3o promover evento (Foto: A.Duarte\/Divulga\u00e7\u00e3o)\" width=\"300\" height=\"225\"><\/div>\n<div class=\"foto componente_materia midia-largura-300\"><strong>Hotel Le Relais La Borie y Chez restaurante<\/strong><br \/>\n<strong>Frances, en B\u00fazios<\/strong><\/div>\n<p>Se especializa en postres, el chef de reposter\u00eda Philippe Brye tendr\u00e1 chocolate como insignia en la preparaci\u00f3n de un pre-postre y un postre.<br \/>\n\u00abVoy a armonizar el&nbsp;chocolate con hierba de lim\u00f3n y jengibre. Y tambi\u00e9n selecciono&nbsp;la fruta de la pasi\u00f3n, ya que trae una acidez que hace un contraste con los ingredientes m\u00e1s dulces \u00ab, dijo Brye que reserva otras sorpresas para la fecha.<br \/>\nEl chef Frederic Monnier ser\u00e1 responsable de dos platos. Para la entrada, se servir\u00e1 un cavaquinha con ingredientes como la manzana, el apio, la casta\u00f1a-de-anacardo y el azafr\u00e1n. Ya como un plato principal, ser\u00e1 un tornedor Conger rosa o novio, verde crujiente de verduras con lim\u00f3n.<br \/>\nPero el chef David Mansaud invierte en la cocina con productos de \u00abtierra-mar\u00bb y sostenible. Para pre-postre servir una sopa de fresas con fruta de la pasi\u00f3n y el azafr\u00e1n; y de postre, ser\u00e1 un helado pasi\u00f3n carioca y haba tonka (cumaru).<br \/>\nMonnier habla de la expectativa de participar en una nueva edici\u00f3n del evento.<\/p>\n<div class=\"saibamais componente_materia\"><strong>Sepa m\u00e1s!<\/strong><\/div>\n<div class=\"saibamais componente_materia\">\u00abLes Pantagruels es \u00fanico S\u00f3lo hab\u00eda visto acontecimientos similares, con muchos chefs con estrellas Michelin en Francia. En Brasil, fue la primera y \u00fanica vez asist\u00ed a un evento. Me encanta el concepto de men\u00fa del desarrollo para todos en la hora. forma no convencional de relacionarse con los chefs cambi\u00f3 mi carrera. Fue un punto de inflexi\u00f3n \u00ab, dijo Monnier, que particip\u00f3 en todas las ediciones del festival.Concebido por el empresario Paul Lindemann, el evento busca fomentar la socializaci\u00f3n con los chefs con estrellas Michelin y con platos \u00fanicos, acerc\u00e1ndose p\u00fablica de la alta cocina francesa.<br \/>\n\u00abLes permite Pantagruels tendencias de acceso procedentes de Francia. Siempre es un placer recibir a los cocineros, mostrar noticias de Brasil y motivar a este intercambio de experiencias \u00ab.El empresario tambi\u00e9n destaca la importancia de los profesionales que participan en este proyecto.<\/p>\n<p>\u00abLos chefs que participar\u00e1n en esta edici\u00f3n ayudaron a escribir en los \u00faltimos cinco a\u00f1os de evento un cap\u00edtulo rico en la historia de la gastronom\u00eda francesa en Brasil. La idea del evento de este a\u00f1o est\u00e1 celebrando, recordando el \u00e9xito de las ediciones anteriores con un men\u00fa desarrollado ocho manos \u00ab, explica Pablo.<\/p>\n<p>El restaurante Chez Francoise (Hotel Le Relais La Borie) trabaja en Gerbert Calle P\u00e9riss\u00e9 N\u00ba 554, de Gerib\u00e1. Y el valor de la entrada es de R $ 250 por persona y las bebidas no est\u00e1n incluidas.<\/p>\n<\/div>\n<\/div>\n","protected":false},"excerpt":{"rendered":"<p>Cena homenaje de ediciones \u00bbLes Pantaguels\u00bb con referentes profesionales de la gastronom\u00eda francesa Los Chefs franceses Paul y Francoise Lindemann junto con los chefs David Mansaud y Frederic Monnier Chefs franceses Frederic Monnier, David Mansaud y Phillippe Brye se dar\u00e1n cita en el evento gastron\u00f3mico patrocinado por el Hotel Le Relais La Borie y el [&hellip;]<\/p>\n","protected":false},"author":1,"featured_media":197,"comment_status":"closed","ping_status":"open","sticky":false,"template":"","format":"standard","meta":{"_jetpack_newsletter_access":"","_jetpack_dont_email_post_to_subs":false,"_jetpack_newsletter_tier_id":0,"_jetpack_memberships_contains_paywalled_content":false,"_jetpack_memberships_contains_paid_content":false,"footnotes":""},"categories":[1],"tags":[],"class_list":["post-196","post","type-post","status-publish","format-standard","has-post-thumbnail","hentry","category-sobre-buzios"],"featured_image_src":{"landsacpe":["https:\/\/i0.wp.com\/www.centralbuzios.com\/blog\/wp-content\/uploads\/2015\/11\/restaurantes-en-buzios.jpg?resize=750%2C445&ssl=1",750,445,true],"list":["https:\/\/i0.wp.com\/www.centralbuzios.com\/blog\/wp-content\/uploads\/2015\/11\/restaurantes-en-buzios.jpg?resize=463%2C348&ssl=1",463,348,true],"medium":["https:\/\/i0.wp.com\/www.centralbuzios.com\/blog\/wp-content\/uploads\/2015\/11\/restaurantes-en-buzios.jpg?fit=300%2C215&ssl=1",300,215,true],"full":["https:\/\/i0.wp.com\/www.centralbuzios.com\/blog\/wp-content\/uploads\/2015\/11\/restaurantes-en-buzios.jpg?fit=750%2C537&ssl=1",750,537,false]},"contentshake_article_id":"","jetpack_featured_media_url":"https:\/\/i0.wp.com\/www.centralbuzios.com\/blog\/wp-content\/uploads\/2015\/11\/restaurantes-en-buzios.jpg?fit=750%2C537&ssl=1","jetpack_sharing_enabled":true,"jetpack_shortlink":"https:\/\/wp.me\/p6KLuD-3a","jetpack-related-posts":[{"id":590,"url":"https:\/\/www.centralbuzios.com\/blog\/festival-gastronomico-en-buzios\/","url_meta":{"origin":196,"position":0},"title":"18\u00b0 Festival Gastron\u00f3mico          en B\u00fazios &#8211; Julio 2019","author":"Javier Laborde","date":"28 junio, 2019","format":"aside","excerpt":"El Festival Gastron\u00f3mico de B\u00fazios llega a su 18\u00aa edici\u00f3n en 2019.\ud83d\udcc5 Del 05 al 14 de Julio \u2022 Sus 23 playas, clima, ambiente y alegr\u00eda son los principales condimentos del destino pero hay uno que lo transforma rotundamente en un plato de primera clase, y es la GASTRONOM\u00cdA. Seguramente\u2026","rel":"","context":"En \u00abSobre B\u00fazios\u00bb","block_context":{"text":"Sobre B\u00fazios","link":"https:\/\/www.centralbuzios.com\/blog\/category\/sobre-buzios\/"},"img":{"alt_text":"","src":"https:\/\/i0.wp.com\/www.centralbuzios.com\/blog\/wp-content\/uploads\/2019\/12\/festival-gastronomico-buzios-2019-2.jpg?fit=1080%2C700&ssl=1&resize=350%2C200","width":350,"height":200,"srcset":"https:\/\/i0.wp.com\/www.centralbuzios.com\/blog\/wp-content\/uploads\/2019\/12\/festival-gastronomico-buzios-2019-2.jpg?fit=1080%2C700&ssl=1&resize=350%2C200 1x, https:\/\/i0.wp.com\/www.centralbuzios.com\/blog\/wp-content\/uploads\/2019\/12\/festival-gastronomico-buzios-2019-2.jpg?fit=1080%2C700&ssl=1&resize=525%2C300 1.5x, https:\/\/i0.wp.com\/www.centralbuzios.com\/blog\/wp-content\/uploads\/2019\/12\/festival-gastronomico-buzios-2019-2.jpg?fit=1080%2C700&ssl=1&resize=700%2C400 2x, https:\/\/i0.wp.com\/www.centralbuzios.com\/blog\/wp-content\/uploads\/2019\/12\/festival-gastronomico-buzios-2019-2.jpg?fit=1080%2C700&ssl=1&resize=1050%2C600 3x"},"classes":[]},{"id":746,"url":"https:\/\/www.centralbuzios.com\/blog\/degusta-buzios-2021-festival-gastronomico\/","url_meta":{"origin":196,"position":1},"title":"Degusta B\u00fazios 2021 Festival Gastron\u00f3mico","author":"administrador","date":"13 octubre, 2021","format":false,"excerpt":"Descubre el festival gastron\u00f3mico m\u00e1s famoso de B\u00fazios El tradicional festival gastron\u00f3mico de B\u00fazios ya est\u00e1 de vuelta y con una imagen renovada. Organizado por la Prefeitura de B\u00fazios, junto a las secretar\u00edas de Cultura y Patrimonio Hist\u00f3rico y de Turismo, en compa\u00f1\u00eda con la Asociaci\u00f3n Comercial y Empresarial de\u2026","rel":"","context":"En \u00abSobre B\u00fazios\u00bb","block_context":{"text":"Sobre B\u00fazios","link":"https:\/\/www.centralbuzios.com\/blog\/category\/sobre-buzios\/"},"img":{"alt_text":"Festival Degusta Buzios 2021","src":"https:\/\/i0.wp.com\/www.centralbuzios.com\/blog\/wp-content\/uploads\/2021\/10\/festival-gastronomico-buzios-degusta-buzios-2021.jpg?fit=1200%2C1070&ssl=1&resize=350%2C200","width":350,"height":200,"srcset":"https:\/\/i0.wp.com\/www.centralbuzios.com\/blog\/wp-content\/uploads\/2021\/10\/festival-gastronomico-buzios-degusta-buzios-2021.jpg?fit=1200%2C1070&ssl=1&resize=350%2C200 1x, https:\/\/i0.wp.com\/www.centralbuzios.com\/blog\/wp-content\/uploads\/2021\/10\/festival-gastronomico-buzios-degusta-buzios-2021.jpg?fit=1200%2C1070&ssl=1&resize=525%2C300 1.5x, https:\/\/i0.wp.com\/www.centralbuzios.com\/blog\/wp-content\/uploads\/2021\/10\/festival-gastronomico-buzios-degusta-buzios-2021.jpg?fit=1200%2C1070&ssl=1&resize=700%2C400 2x, https:\/\/i0.wp.com\/www.centralbuzios.com\/blog\/wp-content\/uploads\/2021\/10\/festival-gastronomico-buzios-degusta-buzios-2021.jpg?fit=1200%2C1070&ssl=1&resize=1050%2C600 3x"},"classes":[]},{"id":4165,"url":"https:\/\/www.centralbuzios.com\/blog\/clima-en-buzios-cuando-viajar-para-disfrutarlo-al-maximo\/","url_meta":{"origin":196,"position":2},"title":"Clima en b\u00fazios: cu\u00e1ndo viajar para disfrutarlo al m\u00e1ximo","author":"administrador","date":"3 noviembre, 2025","format":false,"excerpt":"Clima en B\u00fazios: cu\u00e1ndo viajar para disfrutarlo al m\u00e1ximo B\u00fazios es un destino encantador que combina playas paradis\u00edacas, calles llenas de vida y una energ\u00eda \u00fanica. Situado en la costa de Rio de Janeiro, este rinc\u00f3n de Brasil ofrece un clima c\u00e1lido y agradable durante todo el a\u00f1o, ideal para\u2026","rel":"","context":"En \u00abSobre B\u00fazios\u00bb","block_context":{"text":"Sobre B\u00fazios","link":"https:\/\/www.centralbuzios.com\/blog\/category\/sobre-buzios\/"},"img":{"alt_text":"","src":"https:\/\/i0.wp.com\/www.centralbuzios.com\/blog\/wp-content\/uploads\/2025\/11\/buzios2.jpg?fit=1200%2C900&ssl=1&resize=350%2C200","width":350,"height":200,"srcset":"https:\/\/i0.wp.com\/www.centralbuzios.com\/blog\/wp-content\/uploads\/2025\/11\/buzios2.jpg?fit=1200%2C900&ssl=1&resize=350%2C200 1x, https:\/\/i0.wp.com\/www.centralbuzios.com\/blog\/wp-content\/uploads\/2025\/11\/buzios2.jpg?fit=1200%2C900&ssl=1&resize=525%2C300 1.5x, https:\/\/i0.wp.com\/www.centralbuzios.com\/blog\/wp-content\/uploads\/2025\/11\/buzios2.jpg?fit=1200%2C900&ssl=1&resize=700%2C400 2x, https:\/\/i0.wp.com\/www.centralbuzios.com\/blog\/wp-content\/uploads\/2025\/11\/buzios2.jpg?fit=1200%2C900&ssl=1&resize=1050%2C600 3x"},"classes":[]},{"id":371,"url":"https:\/\/www.centralbuzios.com\/blog\/gastronomia-buzios-variedad-calidad\/","url_meta":{"origin":196,"position":3},"title":"Gastronom\u00eda en B\u00fazios: variedad y calidad","author":"administrador","date":"24 febrero, 2017","format":false,"excerpt":"Al momento de visitar una ciudad durante nuestras vacaciones, un aspecto muy importante que debemos tener en cuenta es la gastronom\u00eda. Hay algunas ciudades que ofrecen sus platos t\u00edpicos como comidas for\u00e1neas de diversas partes del mundo. B\u00fazios se caracteriza por ofrecer a sus visitantes la m\u00e1s variada oferta gastron\u00f3mica\u2026","rel":"","context":"En \u00abSobre B\u00fazios\u00bb","block_context":{"text":"Sobre B\u00fazios","link":"https:\/\/www.centralbuzios.com\/blog\/category\/sobre-buzios\/"},"img":{"alt_text":"","src":"https:\/\/i0.wp.com\/www.centralbuzios.com\/blog\/wp-content\/uploads\/2017\/02\/4-2.jpg?fit=1000%2C667&ssl=1&resize=350%2C200","width":350,"height":200,"srcset":"https:\/\/i0.wp.com\/www.centralbuzios.com\/blog\/wp-content\/uploads\/2017\/02\/4-2.jpg?fit=1000%2C667&ssl=1&resize=350%2C200 1x, https:\/\/i0.wp.com\/www.centralbuzios.com\/blog\/wp-content\/uploads\/2017\/02\/4-2.jpg?fit=1000%2C667&ssl=1&resize=525%2C300 1.5x, https:\/\/i0.wp.com\/www.centralbuzios.com\/blog\/wp-content\/uploads\/2017\/02\/4-2.jpg?fit=1000%2C667&ssl=1&resize=700%2C400 2x"},"classes":[]},{"id":283,"url":"https:\/\/www.centralbuzios.com\/blog\/festival-gastronomico-buzios-se-abrira-viernes-60-restaurantes\/","url_meta":{"origin":196,"position":4},"title":"Festival gastron\u00f3mico de Buzios se abrir\u00e1 el viernes con 60 restaurantes","author":"administrador","date":"29 junio, 2016","format":false,"excerpt":"El Evento\u00a0llega a su 15\u00aa edici\u00f3n con m\u00e1s cantidad y amplitud en sus propuestas. Arma\u00e7\u00e3o dos B\u00fazios , en la regi\u00f3n de los lagos de R\u00edo se prepara para acoger la 15\u00aa edici\u00f3n del Festival Gastron\u00f3mico de Buzios, que comienza el viernes (1\u00ba). El evento sigue los viernes y s\u00e1bados\u2026","rel":"","context":"En \u00abSobre B\u00fazios\u00bb","block_context":{"text":"Sobre B\u00fazios","link":"https:\/\/www.centralbuzios.com\/blog\/category\/sobre-buzios\/"},"img":{"alt_text":"","src":"https:\/\/i0.wp.com\/www.centralbuzios.com\/blog\/wp-content\/uploads\/2016\/06\/2016-celestinnas.jpg?fit=961%2C641&ssl=1&resize=350%2C200","width":350,"height":200,"srcset":"https:\/\/i0.wp.com\/www.centralbuzios.com\/blog\/wp-content\/uploads\/2016\/06\/2016-celestinnas.jpg?fit=961%2C641&ssl=1&resize=350%2C200 1x, https:\/\/i0.wp.com\/www.centralbuzios.com\/blog\/wp-content\/uploads\/2016\/06\/2016-celestinnas.jpg?fit=961%2C641&ssl=1&resize=525%2C300 1.5x, https:\/\/i0.wp.com\/www.centralbuzios.com\/blog\/wp-content\/uploads\/2016\/06\/2016-celestinnas.jpg?fit=961%2C641&ssl=1&resize=700%2C400 2x"},"classes":[]},{"id":265,"url":"https:\/\/www.centralbuzios.com\/blog\/buzios-siempre-esta-de-moda\/","url_meta":{"origin":196,"position":5},"title":"B\u00fazios siempre est\u00e1 de moda","author":"administrador","date":"8 marzo, 2016","format":false,"excerpt":"El peque\u00f1o poblado de pescadores, ubicado a 180 kil\u00f3metros de Rio de Janeiro, luce perfecto no s\u00f3lo por su microclima durante todas las estaciones del a\u00f1o, sino tambi\u00e9n por sus paisajes y su oferta hotelera. \u00a0 Esta pen\u00ednsula ofrece 23 playas de aguas cristalinas, gran vegetaci\u00f3n y vistas deslumbrantes. Es\u2026","rel":"","context":"En \u00abSobre B\u00fazios\u00bb","block_context":{"text":"Sobre B\u00fazios","link":"https:\/\/www.centralbuzios.com\/blog\/category\/sobre-buzios\/"},"img":{"alt_text":"","src":"https:\/\/i0.wp.com\/www.centralbuzios.com\/blog\/wp-content\/uploads\/2016\/03\/Buzios_002.jpg?fit=1024%2C768&ssl=1&resize=350%2C200","width":350,"height":200,"srcset":"https:\/\/i0.wp.com\/www.centralbuzios.com\/blog\/wp-content\/uploads\/2016\/03\/Buzios_002.jpg?fit=1024%2C768&ssl=1&resize=350%2C200 1x, https:\/\/i0.wp.com\/www.centralbuzios.com\/blog\/wp-content\/uploads\/2016\/03\/Buzios_002.jpg?fit=1024%2C768&ssl=1&resize=525%2C300 1.5x, https:\/\/i0.wp.com\/www.centralbuzios.com\/blog\/wp-content\/uploads\/2016\/03\/Buzios_002.jpg?fit=1024%2C768&ssl=1&resize=700%2C400 2x"},"classes":[]}],"jetpack_likes_enabled":true,"_links":{"self":[{"href":"https:\/\/www.centralbuzios.com\/blog\/wp-json\/wp\/v2\/posts\/196","targetHints":{"allow":["GET"]}}],"collection":[{"href":"https:\/\/www.centralbuzios.com\/blog\/wp-json\/wp\/v2\/posts"}],"about":[{"href":"https:\/\/www.centralbuzios.com\/blog\/wp-json\/wp\/v2\/types\/post"}],"author":[{"embeddable":true,"href":"https:\/\/www.centralbuzios.com\/blog\/wp-json\/wp\/v2\/users\/1"}],"replies":[{"embeddable":true,"href":"https:\/\/www.centralbuzios.com\/blog\/wp-json\/wp\/v2\/comments?post=196"}],"version-history":[{"count":4,"href":"https:\/\/www.centralbuzios.com\/blog\/wp-json\/wp\/v2\/posts\/196\/revisions"}],"predecessor-version":[{"id":509,"href":"https:\/\/www.centralbuzios.com\/blog\/wp-json\/wp\/v2\/posts\/196\/revisions\/509"}],"wp:featuredmedia":[{"embeddable":true,"href":"https:\/\/www.centralbuzios.com\/blog\/wp-json\/wp\/v2\/media\/197"}],"wp:attachment":[{"href":"https:\/\/www.centralbuzios.com\/blog\/wp-json\/wp\/v2\/media?parent=196"}],"wp:term":[{"taxonomy":"category","embeddable":true,"href":"https:\/\/www.centralbuzios.com\/blog\/wp-json\/wp\/v2\/categories?post=196"},{"taxonomy":"post_tag","embeddable":true,"href":"https:\/\/www.centralbuzios.com\/blog\/wp-json\/wp\/v2\/tags?post=196"}],"curies":[{"name":"wp","href":"https:\/\/api.w.org\/{rel}","templated":true}]}}