{"id":126,"date":"2015-09-24T11:28:26","date_gmt":"2015-09-24T14:28:26","guid":{"rendered":"https:\/\/www.centralbuzios.com\/blog\/?p=126"},"modified":"2020-12-17T11:59:13","modified_gmt":"2020-12-17T14:59:13","slug":"mardel-o-buzios","status":"publish","type":"post","link":"https:\/\/www.centralbuzios.com\/blog\/mardel-o-buzios\/","title":{"rendered":"\u00bfMardel o B\u00fazios?"},"content":{"rendered":"<p><strong>Googleamos <i class=\"_4-k1 img sp_UkKp2mjPS47 sx_b277be\"><u>?<\/u><\/i>&#8230; y te compartimos la 1er imagen que aparece en resultados de b\u00fasqueda de Google tanto de Mar del Plata como de B\u00fazios. Quer\u00e9s compartir tu opini\u00f3n seg\u00fan tu preferencia?<\/strong> <i class=\"_4-k1 img sp_UkKp2mjPS47 sx_feac08\"><u>?<\/u><\/i> <i class=\"_4-k1 img sp_UkKp2mjPS47 sx_c6bd53\"><u>?<\/u><\/i><i class=\"_4-k1 img sp_UkKp2mjPS47 sx_25ebfe\"><u>\u2764<\/u><\/i><i class=\"_4-k1 img sp_UkKp2mjPS47 sx_aca62a\"><u>?<\/u><\/i><\/p>\n<p>Hoy 16\/09\/2015 chequeamos precios para comparar del 5 al 12 enero de 2016 para 2 personas (ambos hoteles a pocas cuadras del mar. Valores sin impuestos):<\/p>\n<p>Alojamiento:<span class=\"text_exposed_show\"><br \/>\nMar del plata en Fac\u00f3n del Mar Hotel &gt; $7.658 (<a href=\"https:\/\/l.facebook.com\/l.php?u=http%3A%2F%2FBooking.com%2F&amp;h=fAQHd5NrB&amp;enc=AZMVlxKEkORyhJ_Nw7cXHl_j7wVbROMSGWUv7YpsMP5tABj8CI_45TiPH6zp3Etvjy-k8UzyeOB7CzZQ8oOdZAYwdn8wo_NNHc-6qzpA93qLqo5gwzKrzZ7EYXI0KZleK1co2om8TsMW063lAQd9jMXV&amp;s=1\" target=\"_blank\" rel=\"nofollow noopener noreferrer\">Booking.com<\/a>)<br \/>\nB\u00fazios Pousada Das Am\u00e9ricas &gt; $7.294 (<a href=\"https:\/\/l.facebook.com\/l.php?u=http%3A%2F%2FCentralbuzios.com%2F&amp;h=TAQENfrPy&amp;enc=AZNSALfekhEcZUg_PDK5ZIw8zcU4qvFJBtLrFfbR-oW0-vjPnDGXRjp1s_tsNdtTKvEdXF5vVr-pv8jgG9AmEnZYgMq_bPQWMPSGmSD-WadYqbSuoCy-GjGDhgcQW5UdIC-3pZlLKuCVm3wEexex5qy_&amp;s=1\" target=\"_blank\" rel=\"nofollow noopener noreferrer\">Centralbuzios.com<\/a>)<\/span><\/p>\n<p>Viaje:<br \/>\nMar del Plata &gt; Coche &gt; $3.500 nafta, peaje y movilidad all\u00e1<br \/>\nB\u00fazios &gt; A\u00e9reos 2 personas + traslados a B\u00fazios &gt; $12.362 (despegar) + $2.297 (<a href=\"https:\/\/www.centralbuzios.com\/\" target=\"_blank\" rel=\"nofollow noopener noreferrer\">Centralbuzios.com<\/a>)<\/p>\n<p>Comidas y gastos (aprox):<br \/>\nMar del plata &gt; $6.000<br \/>\nB\u00fazios &gt; $3.900<\/p>\n<p>Total Final:<br \/>\n&gt; Mar del Plata: $17.158<br \/>\n&gt; B\u00fazios: $25.853<\/p>\n<p>Otra cosa&#8230; para quienes est\u00e1n muy en tema, \u00bfnotas algo raro?<\/p>\n<p>Reserva online &gt; <a href=\"https:\/\/www.centralbuzios.com\/\" target=\"_blank\" rel=\"nofollow noopener noreferrer\">Centralbuzios.com<\/a><\/p>\n<p><a href=\"https:\/\/i0.wp.com\/www.centralbuzios.com\/blog\/wp-content\/uploads\/2015\/09\/mar-del-plata-o-buzios.jpg?ssl=1\"><img data-recalc-dims=\"1\" fetchpriority=\"high\" decoding=\"async\" data-attachment-id=\"127\" data-permalink=\"https:\/\/www.centralbuzios.com\/blog\/mardel-o-buzios\/mar-del-plata-o-buzios\/\" data-orig-file=\"https:\/\/i0.wp.com\/www.centralbuzios.com\/blog\/wp-content\/uploads\/2015\/09\/mar-del-plata-o-buzios.jpg?fit=720%2C360&amp;ssl=1\" data-orig-size=\"720,360\" data-comments-opened=\"1\" data-image-meta=\"{&quot;aperture&quot;:&quot;0&quot;,&quot;credit&quot;:&quot;&quot;,&quot;camera&quot;:&quot;&quot;,&quot;caption&quot;:&quot;&quot;,&quot;created_timestamp&quot;:&quot;0&quot;,&quot;copyright&quot;:&quot;&quot;,&quot;focal_length&quot;:&quot;0&quot;,&quot;iso&quot;:&quot;0&quot;,&quot;shutter_speed&quot;:&quot;0&quot;,&quot;title&quot;:&quot;&quot;,&quot;orientation&quot;:&quot;0&quot;}\" data-image-title=\"mar-del-plata-o-buzios\" data-image-description=\"\" data-image-caption=\"\" data-medium-file=\"https:\/\/i0.wp.com\/www.centralbuzios.com\/blog\/wp-content\/uploads\/2015\/09\/mar-del-plata-o-buzios.jpg?fit=300%2C150&amp;ssl=1\" data-large-file=\"https:\/\/i0.wp.com\/www.centralbuzios.com\/blog\/wp-content\/uploads\/2015\/09\/mar-del-plata-o-buzios.jpg?fit=720%2C360&amp;ssl=1\" class=\"alignnone size-full wp-image-127\" src=\"https:\/\/i0.wp.com\/www.centralbuzios.com\/blog\/wp-content\/uploads\/2015\/09\/mar-del-plata-o-buzios.jpg?resize=720%2C360&#038;ssl=1\" alt=\"mar-del-plata-o-buzios\" width=\"720\" height=\"360\"><\/a><\/p>\n","protected":false},"excerpt":{"rendered":"<p>Googleamos ?&#8230; y te compartimos la 1er imagen que aparece en resultados de b\u00fasqueda de Google tanto de Mar del Plata como de B\u00fazios. Quer\u00e9s compartir tu opini\u00f3n seg\u00fan tu preferencia? ? ?\u2764? Hoy 16\/09\/2015 chequeamos precios para comparar del 5 al 12 enero de 2016 para 2 personas (ambos hoteles a pocas cuadras del [&hellip;]<\/p>\n","protected":false},"author":1,"featured_media":138,"comment_status":"closed","ping_status":"open","sticky":false,"template":"","format":"standard","meta":{"_jetpack_newsletter_access":"","_jetpack_dont_email_post_to_subs":false,"_jetpack_newsletter_tier_id":0,"_jetpack_memberships_contains_paywalled_content":false,"_jetpack_memberships_contains_paid_content":false,"footnotes":""},"categories":[1],"tags":[],"class_list":["post-126","post","type-post","status-publish","format-standard","has-post-thumbnail","hentry","category-sobre-buzios"],"featured_image_src":{"landsacpe":["https:\/\/i0.wp.com\/www.centralbuzios.com\/blog\/wp-content\/uploads\/2015\/09\/mar-del-plata-o-buzios2.jpg?resize=720%2C445&ssl=1",720,445,true],"list":["https:\/\/i0.wp.com\/www.centralbuzios.com\/blog\/wp-content\/uploads\/2015\/09\/mar-del-plata-o-buzios2.jpg?resize=463%2C348&ssl=1",463,348,true],"medium":["https:\/\/i0.wp.com\/www.centralbuzios.com\/blog\/wp-content\/uploads\/2015\/09\/mar-del-plata-o-buzios2.jpg?fit=300%2C275&ssl=1",300,275,true],"full":["https:\/\/i0.wp.com\/www.centralbuzios.com\/blog\/wp-content\/uploads\/2015\/09\/mar-del-plata-o-buzios2.jpg?fit=720%2C660&ssl=1",720,660,false]},"contentshake_article_id":"","jetpack_featured_media_url":"https:\/\/i0.wp.com\/www.centralbuzios.com\/blog\/wp-content\/uploads\/2015\/09\/mar-del-plata-o-buzios2.jpg?fit=720%2C660&ssl=1","jetpack_sharing_enabled":true,"jetpack_shortlink":"https:\/\/wp.me\/p6KLuD-22","jetpack-related-posts":[{"id":4165,"url":"https:\/\/www.centralbuzios.com\/blog\/clima-en-buzios-cuando-viajar-para-disfrutarlo-al-maximo\/","url_meta":{"origin":126,"position":0},"title":"Clima en b\u00fazios: cu\u00e1ndo viajar para disfrutarlo al m\u00e1ximo","author":"administrador","date":"3 noviembre, 2025","format":false,"excerpt":"Clima en B\u00fazios: cu\u00e1ndo viajar para disfrutarlo al m\u00e1ximo B\u00fazios es un destino encantador que combina playas paradis\u00edacas, calles llenas de vida y una energ\u00eda \u00fanica. Situado en la costa de Rio de Janeiro, este rinc\u00f3n de Brasil ofrece un clima c\u00e1lido y agradable durante todo el a\u00f1o, ideal para\u2026","rel":"","context":"En \u00abSobre B\u00fazios\u00bb","block_context":{"text":"Sobre B\u00fazios","link":"https:\/\/www.centralbuzios.com\/blog\/category\/sobre-buzios\/"},"img":{"alt_text":"","src":"https:\/\/i0.wp.com\/www.centralbuzios.com\/blog\/wp-content\/uploads\/2025\/11\/buzios2.jpg?fit=1200%2C900&ssl=1&resize=350%2C200","width":350,"height":200,"srcset":"https:\/\/i0.wp.com\/www.centralbuzios.com\/blog\/wp-content\/uploads\/2025\/11\/buzios2.jpg?fit=1200%2C900&ssl=1&resize=350%2C200 1x, https:\/\/i0.wp.com\/www.centralbuzios.com\/blog\/wp-content\/uploads\/2025\/11\/buzios2.jpg?fit=1200%2C900&ssl=1&resize=525%2C300 1.5x, https:\/\/i0.wp.com\/www.centralbuzios.com\/blog\/wp-content\/uploads\/2025\/11\/buzios2.jpg?fit=1200%2C900&ssl=1&resize=700%2C400 2x, https:\/\/i0.wp.com\/www.centralbuzios.com\/blog\/wp-content\/uploads\/2025\/11\/buzios2.jpg?fit=1200%2C900&ssl=1&resize=1050%2C600 3x"},"classes":[]},{"id":751,"url":"https:\/\/www.centralbuzios.com\/blog\/precios-en-buzios-2021\/","url_meta":{"origin":126,"position":1},"title":"Precios en B\u00fazios &#8211; Valores actualizados","author":"administrador","date":"26 septiembre, 2025","format":false,"excerpt":"Conoce cu\u00e1nto cuesta comer, viajar, comprar cosas con esta gu\u00eda de precios en B\u00fazios. Comienzan los vuelos y se enciende la temporada 2025 \/ 2026. A continuaci\u00f3n te contamos c\u00f3mo est\u00e1n los precios en B\u00fazios. Para empezar a hablar de precios, tengamos en cuenta que al momento de escribir esta\u2026","rel":"","context":"En \u00abSobre B\u00fazios\u00bb","block_context":{"text":"Sobre B\u00fazios","link":"https:\/\/www.centralbuzios.com\/blog\/category\/sobre-buzios\/"},"img":{"alt_text":"Precios en Buzios","src":"https:\/\/i0.wp.com\/www.centralbuzios.com\/blog\/wp-content\/uploads\/2021\/10\/milho-en-la-playa.jpg?fit=1000%2C665&ssl=1&resize=350%2C200","width":350,"height":200,"srcset":"https:\/\/i0.wp.com\/www.centralbuzios.com\/blog\/wp-content\/uploads\/2021\/10\/milho-en-la-playa.jpg?fit=1000%2C665&ssl=1&resize=350%2C200 1x, https:\/\/i0.wp.com\/www.centralbuzios.com\/blog\/wp-content\/uploads\/2021\/10\/milho-en-la-playa.jpg?fit=1000%2C665&ssl=1&resize=525%2C300 1.5x, https:\/\/i0.wp.com\/www.centralbuzios.com\/blog\/wp-content\/uploads\/2021\/10\/milho-en-la-playa.jpg?fit=1000%2C665&ssl=1&resize=700%2C400 2x"},"classes":[]},{"id":202,"url":"https:\/\/www.centralbuzios.com\/blog\/buzios-recibe-regata-este-fin-de-semana\/","url_meta":{"origin":126,"position":2},"title":"B\u00fazios, RJ, recibe regata Veleros Cl\u00e1sicos este fin de semana cerca de 300 competidores deben asistir al evento.","author":"administrador","date":"26 noviembre, 2015","format":false,"excerpt":"Los organizadores esperan la participaci\u00f3n de multicampe\u00f3n Torben Grael. Arma\u00e7\u00e3o dos B\u00fazios, en la Regi\u00f3n de los Lagos del R\u00edo, recibir\u00e1 el viernes (27), el s\u00e1bado (28) y el domingo (29) los veleros de carreras cl\u00e1sicas. El concurso, que se celebra por el Yacht Club de Buzios, tendr\u00e1 cerca de\u2026","rel":"","context":"En \u00abSobre B\u00fazios\u00bb","block_context":{"text":"Sobre B\u00fazios","link":"https:\/\/www.centralbuzios.com\/blog\/category\/sobre-buzios\/"},"img":{"alt_text":"","src":"https:\/\/i0.wp.com\/www.centralbuzios.com\/blog\/wp-content\/uploads\/2015\/11\/regata-em-buzios-rj-brasil.jpg?fit=700%2C389&ssl=1&resize=350%2C200","width":350,"height":200,"srcset":"https:\/\/i0.wp.com\/www.centralbuzios.com\/blog\/wp-content\/uploads\/2015\/11\/regata-em-buzios-rj-brasil.jpg?fit=700%2C389&ssl=1&resize=350%2C200 1x, https:\/\/i0.wp.com\/www.centralbuzios.com\/blog\/wp-content\/uploads\/2015\/11\/regata-em-buzios-rj-brasil.jpg?fit=700%2C389&ssl=1&resize=525%2C300 1.5x, https:\/\/i0.wp.com\/www.centralbuzios.com\/blog\/wp-content\/uploads\/2015\/11\/regata-em-buzios-rj-brasil.jpg?fit=700%2C389&ssl=1&resize=700%2C400 2x"},"classes":[]},{"id":265,"url":"https:\/\/www.centralbuzios.com\/blog\/buzios-siempre-esta-de-moda\/","url_meta":{"origin":126,"position":3},"title":"B\u00fazios siempre est\u00e1 de moda","author":"administrador","date":"8 marzo, 2016","format":false,"excerpt":"El peque\u00f1o poblado de pescadores, ubicado a 180 kil\u00f3metros de Rio de Janeiro, luce perfecto no s\u00f3lo por su microclima durante todas las estaciones del a\u00f1o, sino tambi\u00e9n por sus paisajes y su oferta hotelera. \u00a0 Esta pen\u00ednsula ofrece 23 playas de aguas cristalinas, gran vegetaci\u00f3n y vistas deslumbrantes. Es\u2026","rel":"","context":"En \u00abSobre B\u00fazios\u00bb","block_context":{"text":"Sobre B\u00fazios","link":"https:\/\/www.centralbuzios.com\/blog\/category\/sobre-buzios\/"},"img":{"alt_text":"","src":"https:\/\/i0.wp.com\/www.centralbuzios.com\/blog\/wp-content\/uploads\/2016\/03\/Buzios_002.jpg?fit=1024%2C768&ssl=1&resize=350%2C200","width":350,"height":200,"srcset":"https:\/\/i0.wp.com\/www.centralbuzios.com\/blog\/wp-content\/uploads\/2016\/03\/Buzios_002.jpg?fit=1024%2C768&ssl=1&resize=350%2C200 1x, https:\/\/i0.wp.com\/www.centralbuzios.com\/blog\/wp-content\/uploads\/2016\/03\/Buzios_002.jpg?fit=1024%2C768&ssl=1&resize=525%2C300 1.5x, https:\/\/i0.wp.com\/www.centralbuzios.com\/blog\/wp-content\/uploads\/2016\/03\/Buzios_002.jpg?fit=1024%2C768&ssl=1&resize=700%2C400 2x"},"classes":[]},{"id":4173,"url":"https:\/\/www.centralbuzios.com\/blog\/como-ir-de-rio-a-buzios-en-2026\/","url_meta":{"origin":126,"position":4},"title":"C\u00f3mo ir de Rio a B\u00fazios en 2026","author":"administrador","date":"6 noviembre, 2025","format":false,"excerpt":"C\u00f3mo ir de Rio a B\u00fazios en 2026 Viajar\u00a0de\u00a0Rio\u00a0de\u00a0Janeiro\u00a0a\u00a0B\u00fazios\u00a0es\u00a0una\u00a0experiencia\u00a0emocionante.\u00a0En\u00a02026,\u00a0las\u00a0opciones\u00a0de\u00a0transporte\u00a0son\u00a0variadas\u00a0y\u00a0accesibles.\u00a0Desde\u00a0traslados\u00a0privados\u00a0hasta\u00a0autobuses,\u00a0hay\u00a0alternativas\u00a0para\u00a0todos\u00a0los\u00a0gustos\u00a0y\u00a0presupuestos. Te contamos c\u00f3mo ir de Rio a B\u00fazios. B\u00fazios,\u00a0con\u00a0sus\u00a0playas\u00a0paradis\u00edacas,\u00a0es\u00a0un\u00a0destino\u00a0imperdible.\u00a0Planificar\u00a0el\u00a0viaje\u00a0adecuadamente\u00a0garantiza\u00a0una\u00a0experiencia\u00a0sin\u00a0contratiempos. Conocer\u00a0las\u00a0opciones\u00a0de\u00a0transporte\u00a0disponibles\u00a0es\u00a0clave\u00a0para\u00a0disfrutar\u00a0al\u00a0m\u00e1ximo.\u00a0Este\u00a0art\u00edculo\u00a0te\u00a0guiar\u00e1\u00a0a\u00a0trav\u00e9s\u00a0de\u00a0las\u00a0mejores\u00a0formas\u00a0de\u00a0llegar\u00a0a\u00a0B\u00fazios\u00a0desde\u00a0R\u00edo. Exploraremos\u00a0cada\u00a0opci\u00f3n\u00a0en\u00a0detalle,\u00a0asegurando\u00a0que\u00a0elijas\u00a0la\u00a0m\u00e1s\u00a0adecuada\u00a0para\u00a0ti.\u00a0Prep\u00e1rate\u00a0para\u00a0descubrir\u00a0c\u00f3mo\u00a0ir\u00a0de\u00a0R\u00edo\u00a0a\u00a0B\u00fazios\u00a0de\u00a0manera\u00a0eficiente\u00a0y\u00a0c\u00f3moda. Distancia,\u00a0tiempo\u00a0y\u00a0opciones\u00a0de\u00a0traslado\u00a0de\u00a0Rio\u00a0a\u00a0B\u00fazios La\u00a0distancia\u00a0de\u00a0R\u00edo\u00a0de\u00a0Janeiro\u00a0a\u00a0B\u00fazios\u00a0es\u00a0de\u00a0aproximadamente\u00a0180\u00a0km.\u00a0Este\u00a0trayecto\u00a0puede\u00a0tomar\u00a0entre\u00a02.5\u00a0y\u00a03\u00a0horas\u00a0en\u00a0coche,\u00a0dependiendo\u00a0del\u00a0tr\u00e1fico.\u00a0Es\u00a0esencial\u00a0tener\u00a0en\u00a0cuenta\u00a0el\u00a0horario\u00a0del\u00a0d\u00eda\u00a0para\u00a0evitar\u00a0demoras\u00a0inesperadas. Existen\u00a0diversas\u00a0opciones\u00a0de\u00a0traslado\u00a0adaptadas\u00a0a\u00a0diferentes\u00a0preferencias.\u00a0Puedes\u00a0elegir\u00a0entre: Alquiler\u00a0de\u00a0coche Autobuses\u00a0desde\u00a0la\u00a0Terminal\u00a0Rodovi\u00e1ria\u00a0Novo\u00a0Rio Traslados regulares desde los aeropuertos Traslado\u00a0privado Vuelos hacia el aeropuerto m\u00e1s cercano, ubicado en Cabo Frio Cada\u00a0medio\u00a0de\u00a0transporte\u00a0ofrece\u00a0diferentes\u00a0ventajas.\u00a0Considera\u00a0tu\u00a0presupuesto\u00a0y\u00a0necesidades\u00a0personales\u00a0al\u00a0elegir.\u00a0Investigar\u00a0las\u00a0distintas\u00a0opciones\u00a0te\u00a0permitir\u00e1\u00a0disfrutar\u00a0de\u00a0un\u00a0viaje\u00a0m\u00e1s\u00a0relajado\u00a0y\u00a0planificado. Traslado\u00a0en\u00a0autob\u00fas:\u00a0horarios,\u00a0precios\u00a0y\u00a0consejos Viajar\u00a0en\u00a0autob\u00fas\u00a0de\u00a0Rio\u00a0a\u00a0B\u00fazios\u00a0es\u00a0una\u00a0opci\u00f3n\u00a0econ\u00f3mica\u00a0y\u00a0pr\u00e1ctica.\u00a0Los\u00a0autobuses\u00a0salen\u00a0con\u00a0frecuencia\u00a0desde\u00a0la\u00a0Terminal\u00a0Rodovi\u00e1ria\u00a0Novo\u00a0Rio.\u00a0Este\u00a0servicio\u00a0opera\u00a0varias\u00a0veces\u00a0al\u00a0d\u00eda,\u00a0facilitando\u00a0la\u00a0planificaci\u00f3n\u00a0flexible\u00a0de\u00a0tu\u00a0horario\u00a0de\u00a0viaje. Los\u00a0precios\u00a0del\u00a0boleto\u00a0var\u00edan\u00a0seg\u00fan\u00a0la\u00a0temporada\u00a0y\u00a0la\u00a0anticipaci\u00f3n\u00a0con\u00a0la\u00a0que\u00a0compres.\u00a0Es\u00a0recomendable\u00a0reservar\u00a0con\u00a0anticipaci\u00f3n,\u00a0especialmente\u00a0durante\u00a0fines\u00a0de\u00a0semana\u00a0y\u00a0feriados.\u00a0Esto\u00a0asegurar\u00e1\u00a0que\u00a0consigas\u00a0un\u00a0asiento\u00a0y\u00a0puedas\u00a0elegir\u00a0el\u00a0horario\u00a0que\u00a0m\u00e1s\u00a0te\u00a0convenga. Algunas\u00a0de\u00a0las\u00a0principales\u00a0compa\u00f1\u00edas\u00a0de\u00a0autobuses\u00a0incluyen\u00a0opciones\u00a0c\u00f3modas\u00a0y\u00a0seguras\u00a0para\u00a0este\u00a0trayecto.\u00a0Considera\u00a0llevar\u00a0entretenimiento\u00a0para\u00a0el\u00a0viaje,\u00a0como\u00a0un\u00a0libro\u00a0o\u00a0m\u00fasica,\u00a0ya\u00a0que\u00a0el\u00a0trayecto\u00a0puede\u00a0ser\u00a0extenso. Ventajas: Costos\u00a0accesibles Servicio\u00a0frecuente Comodidad\u00a0durante\u00a0el\u00a0trayecto\u2026","rel":"","context":"En \u00abSobre B\u00fazios\u00bb","block_context":{"text":"Sobre B\u00fazios","link":"https:\/\/www.centralbuzios.com\/blog\/category\/sobre-buzios\/"},"img":{"alt_text":"","src":"https:\/\/i0.wp.com\/www.centralbuzios.com\/blog\/wp-content\/uploads\/2025\/11\/micro-centralbuzios.jpg?fit=1200%2C675&ssl=1&resize=350%2C200","width":350,"height":200,"srcset":"https:\/\/i0.wp.com\/www.centralbuzios.com\/blog\/wp-content\/uploads\/2025\/11\/micro-centralbuzios.jpg?fit=1200%2C675&ssl=1&resize=350%2C200 1x, https:\/\/i0.wp.com\/www.centralbuzios.com\/blog\/wp-content\/uploads\/2025\/11\/micro-centralbuzios.jpg?fit=1200%2C675&ssl=1&resize=525%2C300 1.5x, https:\/\/i0.wp.com\/www.centralbuzios.com\/blog\/wp-content\/uploads\/2025\/11\/micro-centralbuzios.jpg?fit=1200%2C675&ssl=1&resize=700%2C400 2x, https:\/\/i0.wp.com\/www.centralbuzios.com\/blog\/wp-content\/uploads\/2025\/11\/micro-centralbuzios.jpg?fit=1200%2C675&ssl=1&resize=1050%2C600 3x"},"classes":[]},{"id":244,"url":"https:\/\/www.centralbuzios.com\/blog\/buzios-de-aldea-de-pescadores-a-balneario-de-fama-mundial\/","url_meta":{"origin":126,"position":5},"title":"Buzios: de aldea de pescadores a balneario de fama mundial","author":"administrador","date":"4 enero, 2016","format":false,"excerpt":"Miles de turistas de distintas latitudes llegan atra\u00eddos por las 23 playas que ofrece Buzios, cuya atm\u00f3sfera familiar se disfruta 180 kil\u00f3metros al norte de R\u00edo de Janeiro. De la aldea de pescadores al balneario de fama mundial Una brisa c\u00e1lida nos acaricia la piel mientras desayunamos frutas de todos\u2026","rel":"","context":"En \u00abSobre B\u00fazios\u00bb","block_context":{"text":"Sobre B\u00fazios","link":"https:\/\/www.centralbuzios.com\/blog\/category\/sobre-buzios\/"},"img":{"alt_text":"","src":"https:\/\/i0.wp.com\/www.centralbuzios.com\/blog\/wp-content\/uploads\/2016\/01\/aldea-pescadores-balneario-fama-mundial_CLAIMA20151227_0160_29.jpg?fit=850%2C541&ssl=1&resize=350%2C200","width":350,"height":200,"srcset":"https:\/\/i0.wp.com\/www.centralbuzios.com\/blog\/wp-content\/uploads\/2016\/01\/aldea-pescadores-balneario-fama-mundial_CLAIMA20151227_0160_29.jpg?fit=850%2C541&ssl=1&resize=350%2C200 1x, https:\/\/i0.wp.com\/www.centralbuzios.com\/blog\/wp-content\/uploads\/2016\/01\/aldea-pescadores-balneario-fama-mundial_CLAIMA20151227_0160_29.jpg?fit=850%2C541&ssl=1&resize=525%2C300 1.5x, https:\/\/i0.wp.com\/www.centralbuzios.com\/blog\/wp-content\/uploads\/2016\/01\/aldea-pescadores-balneario-fama-mundial_CLAIMA20151227_0160_29.jpg?fit=850%2C541&ssl=1&resize=700%2C400 2x"},"classes":[]}],"jetpack_likes_enabled":true,"_links":{"self":[{"href":"https:\/\/www.centralbuzios.com\/blog\/wp-json\/wp\/v2\/posts\/126","targetHints":{"allow":["GET"]}}],"collection":[{"href":"https:\/\/www.centralbuzios.com\/blog\/wp-json\/wp\/v2\/posts"}],"about":[{"href":"https:\/\/www.centralbuzios.com\/blog\/wp-json\/wp\/v2\/types\/post"}],"author":[{"embeddable":true,"href":"https:\/\/www.centralbuzios.com\/blog\/wp-json\/wp\/v2\/users\/1"}],"replies":[{"embeddable":true,"href":"https:\/\/www.centralbuzios.com\/blog\/wp-json\/wp\/v2\/comments?post=126"}],"version-history":[{"count":5,"href":"https:\/\/www.centralbuzios.com\/blog\/wp-json\/wp\/v2\/posts\/126\/revisions"}],"predecessor-version":[{"id":720,"href":"https:\/\/www.centralbuzios.com\/blog\/wp-json\/wp\/v2\/posts\/126\/revisions\/720"}],"wp:featuredmedia":[{"embeddable":true,"href":"https:\/\/www.centralbuzios.com\/blog\/wp-json\/wp\/v2\/media\/138"}],"wp:attachment":[{"href":"https:\/\/www.centralbuzios.com\/blog\/wp-json\/wp\/v2\/media?parent=126"}],"wp:term":[{"taxonomy":"category","embeddable":true,"href":"https:\/\/www.centralbuzios.com\/blog\/wp-json\/wp\/v2\/categories?post=126"},{"taxonomy":"post_tag","embeddable":true,"href":"https:\/\/www.centralbuzios.com\/blog\/wp-json\/wp\/v2\/tags?post=126"}],"curies":[{"name":"wp","href":"https:\/\/api.w.org\/{rel}","templated":true}]}}